{"id":110,"date":"2024-07-16T11:15:17","date_gmt":"2024-07-16T16:15:17","guid":{"rendered":"https:\/\/dataum.info\/Blog\/?p=110"},"modified":"2024-07-17T06:42:09","modified_gmt":"2024-07-17T11:42:09","slug":"transformaciones-en-la-cobertura-del-suelo-en-colombia-implicaciones-para-el-medio-ambiente-y-el-desarrollo-socioeconomico","status":"publish","type":"post","link":"https:\/\/dataum.info\/Blog\/index.php\/2024\/07\/16\/transformaciones-en-la-cobertura-del-suelo-en-colombia-implicaciones-para-el-medio-ambiente-y-el-desarrollo-socioeconomico\/","title":{"rendered":"Transformaciones en la cobertura del suelo en Colombia: implicaciones para el medio ambiente y el desarrollo socioecon\u00f3mico"},"content":{"rendered":"\n<figure class=\"wp-block-image size-large\"><img loading=\"lazy\" decoding=\"async\" width=\"1024\" height=\"367\" src=\"https:\/\/dataum.info\/Blog\/wp-content\/uploads\/2024\/07\/Screenshot-2024-07-16-at-18.14.09-1024x367.png\" alt=\"\" class=\"wp-image-111\" srcset=\"https:\/\/dataum.info\/Blog\/wp-content\/uploads\/2024\/07\/Screenshot-2024-07-16-at-18.14.09-1024x367.png 1024w, https:\/\/dataum.info\/Blog\/wp-content\/uploads\/2024\/07\/Screenshot-2024-07-16-at-18.14.09-300x107.png 300w, https:\/\/dataum.info\/Blog\/wp-content\/uploads\/2024\/07\/Screenshot-2024-07-16-at-18.14.09-768x275.png 768w, https:\/\/dataum.info\/Blog\/wp-content\/uploads\/2024\/07\/Screenshot-2024-07-16-at-18.14.09-1536x550.png 1536w, https:\/\/dataum.info\/Blog\/wp-content\/uploads\/2024\/07\/Screenshot-2024-07-16-at-18.14.09-2048x733.png 2048w\" sizes=\"auto, (max-width: 1024px) 100vw, 1024px\" \/><\/figure>\n\n\n\n<p>Entre los a\u00f1os 2000 y 2018, los cambios en la cobertura del suelo en Colombia<br>reflejan diversas tendencias que afectan tanto al medio ambiente como al<br>desarrollo socioecon\u00f3mico del pa\u00eds. Uno de los aspectos m\u00e1s destacados es la<br>preponderancia de los bosques, que ocupan la mayor \u00e1rea de cobertura del suelo.<br>Sin embargo, la reducci\u00f3n significativa en la superficie forestal entre 2000 y 2010<br>indica un preocupante proceso de deforestaci\u00f3n. Esta tendencia, aunque<br>estabilizada en la \u00faltima d\u00e9cada, subraya la necesidad urgente de implementar y<br>fortalecer pol\u00edticas de conservaci\u00f3n y reforestaci\u00f3n para proteger estos valiosos<br>ecosistemas.<br>En paralelo, el \u00e1rea destinada a cultivos ha mostrado un incremento considerable,<br>especialmente entre 2000 y 2010, lo que sugiere un per\u00edodo de intensificaci\u00f3n<br>agr\u00edcola. Este crecimiento puede estar impulsado por la creciente demanda de<br>productos agr\u00edcolas tanto para el consumo interno como para la exportaci\u00f3n. La<br>estabilizaci\u00f3n del \u00e1rea cultivada despu\u00e9s de 2010 podr\u00eda estar relacionada con la<br>adopci\u00f3n de pr\u00e1cticas agr\u00edcolas m\u00e1s eficientes y sostenibles, que permiten<br>maximizar la producci\u00f3n sin necesidad de una expansi\u00f3n territorial adicional.<br>Adem\u00e1s, un \u00e1rea significativa de la superficie terrestre combina cultivos y pastos,<br>lo que indica una integraci\u00f3n de la agricultura y la ganader\u00eda en el uso del suelo.<br>Esta mezcla de actividades refleja una tendencia hacia sistemas agr\u00edcolas<br>diversificados que pueden mejorar la sostenibilidad y la resiliencia de los<br>ecosistemas agr\u00edcolas. La ligera disminuci\u00f3n en el \u00e1rea de pastos y cultivos entre<br>2000 y 2010, seguida de su estabilizaci\u00f3n, sugiere ajustes en las pr\u00e1cticas de<br>manejo de la tierra para equilibrar la producci\u00f3n agr\u00edcola y ganadera.<br>Otra \u00e1rea relevante es la destinada a pastos, que aument\u00f3 entre 2000 y 2010 y se<br>mantuvo estable hasta 2018. Este incremento podr\u00eda estar vinculado a la expansi\u00f3n<br>de la ganader\u00eda, mientras que la estabilidad posterior indica una posible transici\u00f3n<br>hacia pr\u00e1cticas m\u00e1s sostenibles en el manejo de tierras ganaderas.<br>La disminuci\u00f3n de \u00e1reas sin vegetaci\u00f3n entre 2000 y 2010, seguida de un aumento<br>en 2018, refleja fluctuaciones en las pr\u00e1cticas de uso del suelo, incluyendo la<br>urbanizaci\u00f3n y la expansi\u00f3n agr\u00edcola. Estas variaciones tambi\u00e9n pueden estar<\/p>\n\n\n\n<p>influenciadas por esfuerzos de reforestaci\u00f3n y restauraci\u00f3n de tierras, que intentan<br>revertir la degradaci\u00f3n del suelo y promover la cobertura vegetal.<br>El \u00e1rea de cuerpos de agua y humedales muestra una ligera disminuci\u00f3n entre 2000<br>y 2010, lo que plantea preocupaciones sobre la gesti\u00f3n y conservaci\u00f3n de estos<br>recursos h\u00eddricos esenciales. La estabilidad en la \u00faltima d\u00e9cada subraya la<br>importancia de continuar con las estrategias de protecci\u00f3n y restauraci\u00f3n de estos<br>ecosistemas vitales para mantener la biodiversidad y proporcionar servicios<br>ecosist\u00e9micos cruciales, como la purificaci\u00f3n del agua y la mitigaci\u00f3n de<br>inundaciones.<br>En resumen, los cambios en la cobertura del suelo en Colombia desde 2000 hasta<br>2018 evidencian una serie de din\u00e1micas complejas que reflejan tanto la presi\u00f3n<br>sobre los recursos naturales como los esfuerzos por equilibrar el desarrollo<br>econ\u00f3mico con la sostenibilidad ambiental. La preponderancia de los bosques y la<br>deforestaci\u00f3n, el incremento de los cultivos, y la integraci\u00f3n de agricultura y<br>ganader\u00eda son tendencias clave que deben ser abordadas mediante pol\u00edticas<br>integradas y sostenibles. Estas pol\u00edticas deben promover la conservaci\u00f3n de los<br>ecosistemas, el uso eficiente de la tierra y la resiliencia frente a los desaf\u00edos<br>ambientales y socioecon\u00f3micos, asegurando as\u00ed un futuro equilibrado y pr\u00f3spero<br>para el pa\u00eds.<\/p>\n","protected":false},"excerpt":{"rendered":"<p>Entre los a\u00f1os 2000 y 2018, los cambios en la cobertura del suelo en Colombiareflejan diversas tendencias que afectan tanto al medio ambiente como aldesarrollo socioecon\u00f3mico del pa\u00eds. Uno de los aspectos m\u00e1s destacados es lapreponderancia de los bosques, que ocupan la mayor \u00e1rea de cobertura del suelo.Sin embargo, la reducci\u00f3n significativa en la superficie &#8230;<\/p>\n","protected":false},"author":1,"featured_media":127,"comment_status":"open","ping_status":"open","sticky":false,"template":"","format":"standard","meta":{"om_disable_all_campaigns":false,"_monsterinsights_skip_tracking":false,"_monsterinsights_sitenote_active":false,"_monsterinsights_sitenote_note":"","_monsterinsights_sitenote_category":0,"_uf_show_specific_survey":0,"_uf_disable_surveys":false,"footnotes":""},"categories":[1],"tags":[],"class_list":["post-110","post","type-post","status-publish","format-standard","has-post-thumbnail","hentry","category-uncategorized"],"aioseo_notices":[],"_links":{"self":[{"href":"https:\/\/dataum.info\/Blog\/index.php\/wp-json\/wp\/v2\/posts\/110","targetHints":{"allow":["GET"]}}],"collection":[{"href":"https:\/\/dataum.info\/Blog\/index.php\/wp-json\/wp\/v2\/posts"}],"about":[{"href":"https:\/\/dataum.info\/Blog\/index.php\/wp-json\/wp\/v2\/types\/post"}],"author":[{"embeddable":true,"href":"https:\/\/dataum.info\/Blog\/index.php\/wp-json\/wp\/v2\/users\/1"}],"replies":[{"embeddable":true,"href":"https:\/\/dataum.info\/Blog\/index.php\/wp-json\/wp\/v2\/comments?post=110"}],"version-history":[{"count":3,"href":"https:\/\/dataum.info\/Blog\/index.php\/wp-json\/wp\/v2\/posts\/110\/revisions"}],"predecessor-version":[{"id":129,"href":"https:\/\/dataum.info\/Blog\/index.php\/wp-json\/wp\/v2\/posts\/110\/revisions\/129"}],"wp:featuredmedia":[{"embeddable":true,"href":"https:\/\/dataum.info\/Blog\/index.php\/wp-json\/wp\/v2\/media\/127"}],"wp:attachment":[{"href":"https:\/\/dataum.info\/Blog\/index.php\/wp-json\/wp\/v2\/media?parent=110"}],"wp:term":[{"taxonomy":"category","embeddable":true,"href":"https:\/\/dataum.info\/Blog\/index.php\/wp-json\/wp\/v2\/categories?post=110"},{"taxonomy":"post_tag","embeddable":true,"href":"https:\/\/dataum.info\/Blog\/index.php\/wp-json\/wp\/v2\/tags?post=110"}],"curies":[{"name":"wp","href":"https:\/\/api.w.org\/{rel}","templated":true}]}}