{"id":116,"date":"2024-07-16T11:19:54","date_gmt":"2024-07-16T16:19:54","guid":{"rendered":"https:\/\/dataum.info\/Blog\/?p=116"},"modified":"2024-07-17T07:04:49","modified_gmt":"2024-07-17T12:04:49","slug":"transformacion-demografica-en-colombia-implicaciones-para-elmercado-y-las-politicas-publicas","status":"publish","type":"post","link":"https:\/\/dataum.info\/Blog\/index.php\/2024\/07\/16\/transformacion-demografica-en-colombia-implicaciones-para-elmercado-y-las-politicas-publicas\/","title":{"rendered":"Transformaci\u00f3n demogr\u00e1fica en Colombia: implicaciones para el mercado y las pol\u00edticas p\u00fablicas"},"content":{"rendered":"\n<p>Gracias al an\u00e1lisis de informaci\u00f3n disponible en la Plataforma DATAUM, que toma<br>como base las proyecciones de poblaci\u00f3n del DANE para el per\u00edodo 1985 a 2035,<br>es posible entender el comportamiento diferencial del crecimiento de la poblaci\u00f3n<br>por grupos de edad que conforman el ciclo de vida.<\/p>\n\n\n\n<figure class=\"wp-block-image size-large\"><img loading=\"lazy\" decoding=\"async\" width=\"1024\" height=\"768\" src=\"https:\/\/dataum.info\/Blog\/wp-content\/uploads\/2024\/07\/Screenshot-2024-07-16-at-18.17.55-1024x768.png\" alt=\"\" class=\"wp-image-117\" srcset=\"https:\/\/dataum.info\/Blog\/wp-content\/uploads\/2024\/07\/Screenshot-2024-07-16-at-18.17.55-1024x768.png 1024w, https:\/\/dataum.info\/Blog\/wp-content\/uploads\/2024\/07\/Screenshot-2024-07-16-at-18.17.55-300x225.png 300w, https:\/\/dataum.info\/Blog\/wp-content\/uploads\/2024\/07\/Screenshot-2024-07-16-at-18.17.55-768x576.png 768w, https:\/\/dataum.info\/Blog\/wp-content\/uploads\/2024\/07\/Screenshot-2024-07-16-at-18.17.55-1536x1152.png 1536w, https:\/\/dataum.info\/Blog\/wp-content\/uploads\/2024\/07\/Screenshot-2024-07-16-at-18.17.55.png 1952w\" sizes=\"auto, (max-width: 1024px) 100vw, 1024px\" \/><\/figure>\n\n\n\n<p>La disminuci\u00f3n en la poblaci\u00f3n de infantes, menores de 5 a\u00f1os, indica una baja en<br>las tasas de natalidad. Esto afecta la futura disponibilidad de fuerza laboral, lo que<br>puede llevar a una reducci\u00f3n en el crecimiento econ\u00f3mico a largo plazo. En los<br>mercados, las empresas que venden productos y servicios para beb\u00e9s podr\u00edan<br>enfrentar una disminuci\u00f3n en la demanda. Pol\u00edticas p\u00fablicas enfocadas en<br>incentivos para la natalidad y apoyo a familias j\u00f3venes ser\u00e1n cruciales para<br>contrarrestar esta tendencia y asegurar un equilibrio demogr\u00e1fico sostenible.<\/p>\n\n\n\n<p>El leve crecimiento y posterior disminuci\u00f3n de los ni\u00f1os de 5 a 14 a\u00f1os sugiere<br>cambios en las pol\u00edticas de planificaci\u00f3n familiar y en la estructura familiar. Esto<br>impacta directamente en el sector educativo, ya que podr\u00eda haber una menor<br>demanda de infraestructura escolar y recursos educativos. Las pol\u00edticas p\u00fablicas<br>deben adaptarse para optimizar el uso de recursos educativos y asegurar que los<br>ni\u00f1os reciban una educaci\u00f3n de alta calidad. Adem\u00e1s, se debe prestar atenci\u00f3n a<br>programas de apoyo extracurricular y desarrollo infantil temprano.<\/p>\n\n\n\n<p>El aumento inicial y posterior descenso en la poblaci\u00f3n de j\u00f3venes de 15 a 24 a\u00f1os<br>refleja una transici\u00f3n hacia menores cohortes de entrada al mercado laboral. Esto<br>podr\u00eda reducir la competencia en el mercado de trabajo a corto plazo, pero tambi\u00e9n<br>plantea desaf\u00edos para las industrias que dependen de una fuerza laboral joven y<br>din\u00e1mica. Las pol\u00edticas p\u00fablicas deben enfocarse en la formaci\u00f3n y capacitaci\u00f3n<br>de j\u00f3venes, as\u00ed como en la creaci\u00f3n de oportunidades de empleo de calidad para<br>evitar el desempleo juvenil y fomentar la innovaci\u00f3n.<br>El continuo crecimiento de adultos j\u00f3venes de 25 a 34 a\u00f1os destaca el bono<br>demogr\u00e1fico, con un incremento en la poblaci\u00f3n en edad productiva. Este bono<br>demogr\u00e1fico representa una oportunidad \u00fanica para el crecimiento econ\u00f3mico y la<br>expansi\u00f3n de los mercados laborales. Las empresas pueden beneficiarse de una<br>mayor disponibilidad de talento y consumidores en esta franja de edad. Pol\u00edticas<br>p\u00fablicas que promuevan el emprendimiento, la innovaci\u00f3n y la inclusi\u00f3n laboral<br>ser\u00e1n clave para aprovechar al m\u00e1ximo este bono demogr\u00e1fico y fortalecer la<br>econom\u00eda.<br>El crecimiento de la poblaci\u00f3n adulta de 35 a 54 a\u00f1os resalta el periodo de mayor<br>productividad econ\u00f3mica y estabilidad laboral. Este grupo es fundamental para el<br>desarrollo econ\u00f3mico, ya que representa la base de la fuerza laboral y el consumo.<br>En los mercados, hay una alta demanda de productos y servicios orientados a la<br>familia y la vivienda. Las pol\u00edticas p\u00fablicas deben enfocarse en la estabilidad<br>laboral, el desarrollo profesional continuo y el apoyo a la conciliaci\u00f3n laboral y<br>familiar para maximizar la productividad de este grupo.<br>El aumento de adultos mayores de 55 a 64 a\u00f1os indica una mayor esperanza de vida<br>y la necesidad de pol\u00edticas de jubilaci\u00f3n adecuadas. Este grupo comienza a<br>prepararse para la jubilaci\u00f3n, lo que afecta los mercados de seguros, salud y ahorro<br>para el retiro. Las pol\u00edticas p\u00fablicas deben asegurar un sistema de pensiones<br>sostenible y acceso a servicios de salud preventivos y de calidad. Adem\u00e1s, se<br>deben considerar programas que faciliten la transici\u00f3n hacia la jubilaci\u00f3n y el<br>envejecimiento activo.<br>El crecimiento significativo de la tercera edad, mayores de 64 a\u00f1os, se\u00f1ala un<br>envejecimiento poblacional que incrementar\u00e1 la tasa de dependencia y la<br>demanda de servicios de salud y apoyo social. En los mercados, hay una creciente<br>necesidad de productos y servicios para el cuidado de ancianos, viviendas<br>adaptadas y tecnolog\u00edas de asistencia. Las pol\u00edticas p\u00fablicas deben enfocarse en<br>el desarrollo de infraestructura para el cuidado de personas mayores, asegurar la<br>sostenibilidad del sistema de salud y promover el envejecimiento activo y<br>saludable para mantener la calidad de vida de este grupo.<br>En conclusi\u00f3n, los cambios observados en la estructura poblacional de Colombia,<br>desde 1985 hasta 2035, se explican por la transici\u00f3n demogr\u00e1fica que ha vivido el<br>pa\u00eds en las \u00faltimas siete d\u00e9cadas. Esta transici\u00f3n incluye una disminuci\u00f3n en las<br>tasas de natalidad y un aumento en la esperanza de vida, lo que ha llevado a un<br>envejecimiento significativo de la poblaci\u00f3n. Estos cambios tienen profundas<br>implicaciones para los mercados y las pol\u00edticas p\u00fablicas, subrayando la necesidad<br>de estrategias que aprovechen el bono demogr\u00e1fico actual y preparen al pa\u00eds para<br>los desaf\u00edos de una poblaci\u00f3n m\u00e1s envejecida.<\/p>\n","protected":false},"excerpt":{"rendered":"<p>Gracias al an\u00e1lisis de informaci\u00f3n disponible en la Plataforma DATAUM, que tomacomo base las proyecciones de poblaci\u00f3n del DANE para el per\u00edodo 1985 a 2035,es posible entender el comportamiento diferencial del crecimiento de la poblaci\u00f3npor grupos de edad que conforman el ciclo de vida. La disminuci\u00f3n en la poblaci\u00f3n de infantes, menores de 5 a\u00f1os, &#8230;<\/p>\n","protected":false},"author":1,"featured_media":132,"comment_status":"open","ping_status":"open","sticky":false,"template":"","format":"standard","meta":{"om_disable_all_campaigns":false,"_monsterinsights_skip_tracking":false,"_monsterinsights_sitenote_active":false,"_monsterinsights_sitenote_note":"","_monsterinsights_sitenote_category":0,"_uf_show_specific_survey":0,"_uf_disable_surveys":false,"footnotes":""},"categories":[1],"tags":[],"class_list":["post-116","post","type-post","status-publish","format-standard","has-post-thumbnail","hentry","category-uncategorized"],"aioseo_notices":[],"_links":{"self":[{"href":"https:\/\/dataum.info\/Blog\/index.php\/wp-json\/wp\/v2\/posts\/116","targetHints":{"allow":["GET"]}}],"collection":[{"href":"https:\/\/dataum.info\/Blog\/index.php\/wp-json\/wp\/v2\/posts"}],"about":[{"href":"https:\/\/dataum.info\/Blog\/index.php\/wp-json\/wp\/v2\/types\/post"}],"author":[{"embeddable":true,"href":"https:\/\/dataum.info\/Blog\/index.php\/wp-json\/wp\/v2\/users\/1"}],"replies":[{"embeddable":true,"href":"https:\/\/dataum.info\/Blog\/index.php\/wp-json\/wp\/v2\/comments?post=116"}],"version-history":[{"count":2,"href":"https:\/\/dataum.info\/Blog\/index.php\/wp-json\/wp\/v2\/posts\/116\/revisions"}],"predecessor-version":[{"id":120,"href":"https:\/\/dataum.info\/Blog\/index.php\/wp-json\/wp\/v2\/posts\/116\/revisions\/120"}],"wp:featuredmedia":[{"embeddable":true,"href":"https:\/\/dataum.info\/Blog\/index.php\/wp-json\/wp\/v2\/media\/132"}],"wp:attachment":[{"href":"https:\/\/dataum.info\/Blog\/index.php\/wp-json\/wp\/v2\/media?parent=116"}],"wp:term":[{"taxonomy":"category","embeddable":true,"href":"https:\/\/dataum.info\/Blog\/index.php\/wp-json\/wp\/v2\/categories?post=116"},{"taxonomy":"post_tag","embeddable":true,"href":"https:\/\/dataum.info\/Blog\/index.php\/wp-json\/wp\/v2\/tags?post=116"}],"curies":[{"name":"wp","href":"https:\/\/api.w.org\/{rel}","templated":true}]}}